{"id":350,"__str__":"Requerimento n\u00ba 56 de 2025","link_detail_backend":"/materia/350","metadata":{},"numero":56,"ano":2025,"numero_protocolo":null,"data_apresentacao":"2025-06-05","tipo_apresentacao":"E","data_publicacao":null,"numero_origem_externa":"","ano_origem_externa":null,"data_origem_externa":null,"apelido":"","dias_prazo":null,"data_fim_prazo":null,"em_tramitacao":false,"polemica":false,"objeto":"","complementar":false,"ementa":"REQUER, AP\u00d3S OUVIDO O PLEN\u00c1RIO, A EMISS\u00c3O DE MO\u00c7\u00c3O DE CONGRATULA\u00c7\u00d5ES AO EXCELENT\u00cdSSIMO SENHOR MINISTRO DA EDUCA\u00c7\u00c3O, CAMILO SOBREIRA DE SANTANA, EM RAZ\u00c3O DA CELEBRA\u00c7\u00c3O DE SEU ANIVERS\u00c1RIO, OCORRIDO NO DIA 3 DE JUNHO DE 2025.","indexacao":"","observacao":"","resultado":"","texto_original":"http://sapl.campossales.ce.leg.br/media/sapl/public/materialegislativa/2025/350/requerimento_56.pdf","data_ultima_atualizacao":"2025-08-20T08:51:59.826714-03:00","ip":"200.107.217.144","ultima_edicao":"2025-08-20T08:51:59.687122-03:00","tipo":10,"regime_tramitacao":1,"tipo_origem_externa":null,"local_origem_externa":null,"user":30,"anexadas":[],"autores":[4]}