{"id":361,"__str__":"Requerimento n\u00ba 63 de 2025","link_detail_backend":"/materia/361","metadata":{},"numero":63,"ano":2025,"numero_protocolo":null,"data_apresentacao":"2025-06-26","tipo_apresentacao":"E","data_publicacao":null,"numero_origem_externa":"","ano_origem_externa":null,"data_origem_externa":null,"apelido":"","dias_prazo":null,"data_fim_prazo":null,"em_tramitacao":false,"polemica":false,"objeto":"","complementar":false,"ementa":"REQUER, AP\u00d3S OUVIDO O PLEN\u00c1RIO, A EMISS\u00c3O DE MO\u00c7\u00c3O DE CONGRATULA\u00c7\u00d5ES E RECONHECIMENTO \u00c0S AGREMIA\u00c7\u00d5ES JUNINAS FESTA NA RO\u00c7A E ASA BRANCA, EM VIRTUDE DO BRILHANTE TRABALHO CULTURAL DESENVOLVIDO POR AMBAS, ESPECIALMENTE NO QUE SE REFERE \u00c0 VALORIZA\u00c7\u00c3O, PRESERVA\u00c7\u00c3O E DIFUS\u00c3O DAS TRADI\u00c7\u00d5ES JUNINAS DE NOSSO MUNIC\u00cdPIO, TANTO EM \u00c2MBITO LOCAL QUANTO EM OUTRAS CIDADES DO ESTADO DO CEAR\u00c1 E DA REGI\u00c3O NORDESTE.","indexacao":"","observacao":"","resultado":"","texto_original":"http://sapl.campossales.ce.leg.br/media/sapl/public/materialegislativa/2025/361/requerimento_63.pdf","data_ultima_atualizacao":"2025-08-20T08:58:19.259178-03:00","ip":"200.107.217.144","ultima_edicao":"2025-08-20T08:58:19.079179-03:00","tipo":10,"regime_tramitacao":1,"tipo_origem_externa":null,"local_origem_externa":null,"user":30,"anexadas":[],"autores":[4]}