{"id":410,"__str__":"Indica\u00e7\u00e3o n\u00ba 116 de 2025","link_detail_backend":"/materia/410","metadata":{},"numero":116,"ano":2025,"numero_protocolo":null,"data_apresentacao":"2025-08-14","tipo_apresentacao":"E","data_publicacao":null,"numero_origem_externa":"","ano_origem_externa":null,"data_origem_externa":null,"apelido":"","dias_prazo":null,"data_fim_prazo":null,"em_tramitacao":false,"polemica":false,"objeto":"","complementar":false,"ementa":"INDICA AO EXCELENT\u00cdSSIMO SENHOR PREFEITO MUNICIPAL DE CAMPOS SALES, MO\u00c9SIO LOIOLA DE MELO, QUE ESTUDE A VIABILIDADE DE EXPEDIR UM DECRETO PARA FORMALIZAR O RECONHECIMENTO DO ASSENTAMENTO ACOCI COMO \"TERRA DA FAVA\", CONFERINDO-LHE ESSA TITULA\u00c7\u00c3O SIMB\u00d3LICA EM VIRTUDE DA IMPORT\u00c2NCIA HIST\u00d3RICA, CULTURAL E ECON\u00d4MICA QUE A PRODU\u00c7\u00c3O DA FAVA REPRESENTA PARA A COMUNIDADE LOCAL.","indexacao":"","observacao":"","resultado":"","texto_original":"http://sapl.campossales.ce.leg.br/media/sapl/public/materialegislativa/2025/410/indicativo_117.pdf","data_ultima_atualizacao":"2025-12-31T16:12:37.052990-03:00","ip":"181.233.135.209","ultima_edicao":"2025-12-31T16:12:36.821914-03:00","tipo":1,"regime_tramitacao":1,"tipo_origem_externa":null,"local_origem_externa":null,"user":30,"anexadas":[],"autores":[4]}