{"id":564,"__str__":"Requerimento n\u00ba 135 de 2025","link_detail_backend":"/materia/564","metadata":{},"numero":135,"ano":2025,"numero_protocolo":null,"data_apresentacao":"2025-11-19","tipo_apresentacao":"E","data_publicacao":null,"numero_origem_externa":"","ano_origem_externa":null,"data_origem_externa":null,"apelido":"","dias_prazo":null,"data_fim_prazo":null,"em_tramitacao":false,"polemica":false,"objeto":"","complementar":false,"ementa":"REQUER, AP\u00d3S OUVIDO O PLEN\u00c1RIO, A EMISS\u00c3O DE MO\u00c7\u00c3O DE RECONHECIMENTO, APLAUSOS E CONGRATULA\u00c7\u00d5ES \u00c0 ESCOLA ESTADUAL DE EDUCA\u00c7\u00c3O PROFISSIONAL PRESIDENTE M\u00c9DICI, \u00c0 ESCOLA DE ENSINO M\u00c9DIO FRANCISCO MIGUEL DE ANDRADE, \u00c0S PROFESSORAS I\u00caDA AMARO E K\u00c1TIA KEYLLY, E A TODOS OS PROFISSIONAIS ENVOLVIDOS, PELA CERTIFICA\u00c7\u00c3O NO III SELO ESCOLA ANTIRRACISTA 2025, OUTORGADO PELO GOVERNO DO ESTADO DO CEAR\u00c1.","indexacao":"","observacao":"","resultado":"","texto_original":null,"data_ultima_atualizacao":"2025-11-19T13:20:58.230991-03:00","ip":"181.233.135.249","ultima_edicao":"2025-11-19T13:20:17.274513-03:00","tipo":10,"regime_tramitacao":1,"tipo_origem_externa":null,"local_origem_externa":null,"user":30,"anexadas":[],"autores":[25]}