{"id":654,"__str__":"Indica\u00e7\u00e3o n\u00ba 32 de 2026","link_detail_backend":"/materia/654","metadata":{},"numero":32,"ano":2026,"numero_protocolo":null,"data_apresentacao":"2026-03-12","tipo_apresentacao":"E","data_publicacao":null,"numero_origem_externa":"","ano_origem_externa":null,"data_origem_externa":null,"apelido":"","dias_prazo":null,"data_fim_prazo":null,"em_tramitacao":false,"polemica":false,"objeto":"","complementar":false,"ementa":"INDICA AO EXCELENT\u00cdSSIMO SENHOR PREFEITO MUNICIPAL DE CAMPOS SALES, MO\u00c9SIO LOIOLA DE MELO, A ADO\u00c7\u00c3O DAS MEDIDAS NECESS\u00c1RIAS PARA A UTILIZA\u00c7\u00c3O DO BRAS\u00c3O E DA BANDEIRA DO MUNIC\u00cdPIO NOS DOCUMENTOS OFICIAIS DA ADMINISTRA\u00c7\u00c3O MUNICIPAL, BEM COMO PARA A INSTITUI\u00c7\u00c3O DAS CORES OFICIAIS DO MUNIC\u00cdPIO, REPRESENTADAS PELAS CORES DA BANDEIRA DE CAMPOS SALES, NOS PR\u00c9DIOS P\u00daBLICOS, FARDAMENTOS E NA IDENTIFICA\u00c7\u00c3O DOS BENS P\u00daBLICOS MUNICIPAIS.","indexacao":"","observacao":"","resultado":"","texto_original":null,"data_ultima_atualizacao":"2026-03-12T13:04:01.956833-03:00","ip":"181.233.135.209","ultima_edicao":"2026-03-12T13:03:31.449867-03:00","tipo":1,"regime_tramitacao":1,"tipo_origem_externa":null,"local_origem_externa":null,"user":30,"anexadas":[],"autores":[4]}