{"id":664,"__str__":"Requerimento n\u00ba 16 de 2026","link_detail_backend":"/materia/664","metadata":{},"numero":16,"ano":2026,"numero_protocolo":null,"data_apresentacao":"2026-03-12","tipo_apresentacao":"E","data_publicacao":null,"numero_origem_externa":"","ano_origem_externa":null,"data_origem_externa":null,"apelido":"","dias_prazo":null,"data_fim_prazo":null,"em_tramitacao":false,"polemica":false,"objeto":"","complementar":false,"ementa":"REQUER, AP\u00d3S OUVIDO O PLEN\u00c1RIO, O ENVIO DE OF\u00cdCIO AO EXMO. SR. SECRET\u00c1RIO MUNICIPAL DE POL\u00cdTICAS PARA EDUCA\u00c7\u00c3O, HILDEFRAN ALENCAR J. RIBEIRO E \u00c0 DIRETORA DA ESCOLA DE ENSINO M\u00c9DIO FRANCISCO MIGUEL DE ANDRADE, SRA. LAURINDA FORTALEZA DE SOUZA, SOLICITANDO QUE SEJA PROVIDENCIADO ADITIVO NA ROTA DO TRANSPORTE ESCOLAR DESTINADO AOS ALUNOS DO ENSINO M\u00c9DIO, A FIM DE ATENDER A DEMANDA DE ALUNO RESIDENTE NO DISTRITO DE ITAGU\u00c1 QUE NECESSITA SE DESLOCAR DIARIAMENTE PARA A REFERIDA ESCOLA, LOCALIZADA NO S\u00cdTIO QUEIMADAS, NESTE MUNIC\u00cdPIO.","indexacao":"","observacao":"","resultado":"","texto_original":null,"data_ultima_atualizacao":"2026-03-12T13:18:39.157473-03:00","ip":"181.233.135.209","ultima_edicao":"2026-03-12T13:16:55.408128-03:00","tipo":10,"regime_tramitacao":1,"tipo_origem_externa":null,"local_origem_externa":null,"user":30,"anexadas":[],"autores":[2]}