{"id":19,"__str__":"Ordem: Ordem do Dia/Expediente: 15 - Indica\u00e7\u00e3o n\u00ba 24 de 2025 em 3\u00aa Sess\u00e3o Ordin\u00e1ria da 1\u00aa Sess\u00e3o Legislativa da 25\u00aa Legislatura - Requerente: Valmir Junior - Mat\u00e9ria: Indica\u00e7\u00e3o n\u00ba 24 de 2025","link_detail_backend":"/sessao/retiradapauta/19","metadata":{},"data":"2025-02-21","observacao":"O autor da mat\u00e9ria requisitou a retirada da mesma no dia.","materia":231,"sessao_plenaria":59,"ordem":373,"expediente":null,"parlamentar":16,"tipo_de_retirada":1}