{"id":60,"__str__":"Ordem: Ordem do Dia/Expediente: 5 - Indica\u00e7\u00e3o n\u00ba 116 de 2025 em 23\u00aa Sess\u00e3o Ordin\u00e1ria da 1\u00aa Sess\u00e3o Legislativa da 25\u00aa Legislatura - Requerente: Elionete - Mat\u00e9ria: Indica\u00e7\u00e3o n\u00ba 116 de 2025","link_detail_backend":"/sessao/retiradapauta/60","metadata":{},"data":"2025-08-15","observacao":"Esta mat\u00e9ria foi retirada pelo autor no dia 15/08/2025 durante a 23\u00aa Sess\u00e3o Ordin\u00e1ria da 25\u00aa Legislatura.","materia":410,"sessao_plenaria":91,"ordem":652,"expediente":null,"parlamentar":9,"tipo_de_retirada":1}