{"id":80,"__str__":"Ordem: Ordem do Dia/Expediente: 10 - Indica\u00e7\u00e3o n\u00ba 178 de 2025 em 32\u00aa Sess\u00e3o Ordin\u00e1ria da 1\u00aa Sess\u00e3o Legislativa da 25\u00aa Legislatura - Requerente: None - Mat\u00e9ria: Indica\u00e7\u00e3o n\u00ba 178 de 2025","link_detail_backend":"/sessao/retiradapauta/80","metadata":{},"data":"2025-10-17","observacao":"O autor (Vereador Dercinho) se ausentou no dia da sess\u00e3o.","materia":515,"sessao_plenaria":105,"ordem":827,"expediente":null,"parlamentar":null,"tipo_de_retirada":1}