{"id":98,"__str__":"Ordem: Ordem do Dia/Expediente: 11 - Indica\u00e7\u00e3o n\u00ba 200 de 2025 em 38\u00aa Sess\u00e3o Ordin\u00e1ria da 1\u00aa Sess\u00e3o Legislativa da 25\u00aa Legislatura - Requerente: Cezar Costa - Mat\u00e9ria: Indica\u00e7\u00e3o n\u00ba 200 de 2025","link_detail_backend":"/sessao/retiradapauta/98","metadata":{},"data":"2025-12-05","observacao":"O VEREADOR CEZAR CALS ANDRADE COSTA PRECISOU SE AUSENTAR DURANTE A ORDEM DO DIA NA 38\u00aa SESS\u00c3O ORDIN\u00c1RIA.","materia":578,"sessao_plenaria":112,"ordem":928,"expediente":null,"parlamentar":6,"tipo_de_retirada":1}